{"id":4382,"date":"2025-09-26T09:59:52","date_gmt":"2025-09-26T09:59:52","guid":{"rendered":"https:\/\/theglobalhumanist.com\/humanists-highlight-link-between-reprisals-closing-civic-space-and-rhetoric-undermining-the-un\/"},"modified":"2025-09-26T09:59:52","modified_gmt":"2025-09-26T09:59:52","slug":"humanists-highlight-link-between-reprisals-closing-civic-space-and-rhetoric-undermining-the-un","status":"publish","type":"post","link":"https:\/\/theglobalhumanist.com\/de\/humanists-highlight-link-between-reprisals-closing-civic-space-and-rhetoric-undermining-the-un\/","title":{"rendered":"Humanisten heben den Zusammenhang zwischen Vergeltungsma\u00dfnahmen, der Einschr\u00e4nkung des zivilgesellschaftlichen Raums und einer Rhetorik hervor, die die UN untergr\u00e4bt."},"content":{"rendered":"<p>The post <a href=\"https:\/\/humanists.international\/2025\/09\/humanists-highlight-link-between-reprisals-closing-civic-space-and-rhetoric-undermining-the-un\/\">Humanisten heben den Zusammenhang zwischen Vergeltungsma\u00dfnahmen, der Einschr\u00e4nkung des zivilgesellschaftlichen Raums und einer Rhetorik hervor, die die UN untergr\u00e4bt.<\/a> appeared first on <a href=\"https:\/\/humanists.international\/\">Humanists International<\/a>.<\/p>","protected":false},"excerpt":{"rendered":"<p>The post Humanists highlight link between reprisals, closing civic space, and rhetoric undermining the UN appeared first on Humanists International.<\/p>","protected":false},"author":1,"featured_media":0,"comment_status":"open","ping_status":"open","sticky":false,"template":"","format":"standard","meta":{"content-type":"","footnotes":""},"categories":[],"tags":[],"class_list":["post-4382","post","type-post","status-publish","format-standard"],"_links":{"self":[{"href":"https:\/\/theglobalhumanist.com\/de\/wp-json\/wp\/v2\/posts\/4382","targetHints":{"allow":["GET"]}}],"collection":[{"href":"https:\/\/theglobalhumanist.com\/de\/wp-json\/wp\/v2\/posts"}],"about":[{"href":"https:\/\/theglobalhumanist.com\/de\/wp-json\/wp\/v2\/types\/post"}],"author":[{"embeddable":true,"href":"https:\/\/theglobalhumanist.com\/de\/wp-json\/wp\/v2\/users\/1"}],"replies":[{"embeddable":true,"href":"https:\/\/theglobalhumanist.com\/de\/wp-json\/wp\/v2\/comments?post=4382"}],"version-history":[{"count":0,"href":"https:\/\/theglobalhumanist.com\/de\/wp-json\/wp\/v2\/posts\/4382\/revisions"}],"wp:attachment":[{"href":"https:\/\/theglobalhumanist.com\/de\/wp-json\/wp\/v2\/media?parent=4382"}],"wp:term":[{"taxonomy":"category","embeddable":true,"href":"https:\/\/theglobalhumanist.com\/de\/wp-json\/wp\/v2\/categories?post=4382"},{"taxonomy":"post_tag","embeddable":true,"href":"https:\/\/theglobalhumanist.com\/de\/wp-json\/wp\/v2\/tags?post=4382"}],"curies":[{"name":"wp","href":"https:\/\/api.w.org\/{rel}","templated":true}]}}