{"id":4392,"date":"2025-08-27T15:11:23","date_gmt":"2025-08-27T15:11:23","guid":{"rendered":"https:\/\/theglobalhumanist.com\/humanists-international-urges-eu-commission-to-strengthen-bodily-autonomy-in-comments-on-new-gender-equality-strategy\/"},"modified":"2025-08-27T15:11:23","modified_gmt":"2025-08-27T15:11:23","slug":"humanists-international-urges-eu-commission-to-strengthen-bodily-autonomy-in-comments-on-new-gender-equality-strategy","status":"publish","type":"post","link":"https:\/\/theglobalhumanist.com\/de\/humanists-international-urges-eu-commission-to-strengthen-bodily-autonomy-in-comments-on-new-gender-equality-strategy\/","title":{"rendered":"Humanists International fordert die EU-Kommission in einer Stellungnahme zur neuen Strategie f\u00fcr die Gleichstellung der Geschlechter auf, die k\u00f6rperliche Selbstbestimmung zu st\u00e4rken."},"content":{"rendered":"<p>The post <a href=\"https:\/\/humanists.international\/2025\/08\/humanists-international-urges-eu-commission-to-strengthen-bodily-autonomy-in-comments-on-new-gender-equality-strategy\/\">Humanists International fordert die EU-Kommission in einer Stellungnahme zur neuen Strategie f\u00fcr die Gleichstellung der Geschlechter auf, die k\u00f6rperliche Selbstbestimmung zu st\u00e4rken.<\/a> appeared first on <a href=\"https:\/\/humanists.international\/\">Humanists International<\/a>.<\/p>","protected":false},"excerpt":{"rendered":"<p>The post Humanists International urges EU Commission to strengthen bodily autonomy in comments on new Gender Equality Strategy appeared first on Humanists International.<\/p>","protected":false},"author":1,"featured_media":0,"comment_status":"open","ping_status":"open","sticky":false,"template":"","format":"standard","meta":{"content-type":"","footnotes":""},"categories":[],"tags":[],"class_list":["post-4392","post","type-post","status-publish","format-standard"],"_links":{"self":[{"href":"https:\/\/theglobalhumanist.com\/de\/wp-json\/wp\/v2\/posts\/4392","targetHints":{"allow":["GET"]}}],"collection":[{"href":"https:\/\/theglobalhumanist.com\/de\/wp-json\/wp\/v2\/posts"}],"about":[{"href":"https:\/\/theglobalhumanist.com\/de\/wp-json\/wp\/v2\/types\/post"}],"author":[{"embeddable":true,"href":"https:\/\/theglobalhumanist.com\/de\/wp-json\/wp\/v2\/users\/1"}],"replies":[{"embeddable":true,"href":"https:\/\/theglobalhumanist.com\/de\/wp-json\/wp\/v2\/comments?post=4392"}],"version-history":[{"count":0,"href":"https:\/\/theglobalhumanist.com\/de\/wp-json\/wp\/v2\/posts\/4392\/revisions"}],"wp:attachment":[{"href":"https:\/\/theglobalhumanist.com\/de\/wp-json\/wp\/v2\/media?parent=4392"}],"wp:term":[{"taxonomy":"category","embeddable":true,"href":"https:\/\/theglobalhumanist.com\/de\/wp-json\/wp\/v2\/categories?post=4392"},{"taxonomy":"post_tag","embeddable":true,"href":"https:\/\/theglobalhumanist.com\/de\/wp-json\/wp\/v2\/tags?post=4392"}],"curies":[{"name":"wp","href":"https:\/\/api.w.org\/{rel}","templated":true}]}}