{"id":4316,"date":"2025-04-07T22:44:37","date_gmt":"2025-04-07T22:44:37","guid":{"rendered":"https:\/\/theglobalhumanist.com\/?p=4316"},"modified":"2025-04-07T22:44:40","modified_gmt":"2025-04-07T22:44:40","slug":"what-i-believe-a-humanists-uk-podcast","status":"publish","type":"post","link":"https:\/\/theglobalhumanist.com\/es\/what-i-believe-a-humanists-uk-podcast\/","title":{"rendered":"Lo que creo \u2013 Un podcast de Humanists UK"},"content":{"rendered":"<p><strong>Organizado por:<\/strong>&nbsp;Andrew Copson (director ejecutivo de Humanists UK)<\/p>\n\n\n\n<p><strong>Producido por:<\/strong>&nbsp;Humanistas del Reino Unido<\/p>\n\n\n\n<p><strong>Disponible en:<\/strong>&nbsp;Spotify, Apple Podcasts, Google Podcasts y m\u00e1s<\/p>\n\n\n\n<p><strong>Enlace:<\/strong>&nbsp;<a href=\"https:\/\/open.spotify.com\/show\/6ul8qexuwUcSz3QJ0BvSzc\">Escuchar en Spotify<\/a><\/p>\n\n\n\n<p><strong>Resumen:<\/strong><\/p>\n\n\n\n<p><em>Lo que creo<\/em>&nbsp;Es una serie de podcasts de Humanists UK que invita a la reflexi\u00f3n y explora las filosof\u00edas, valores y creencias personales de los humanistas contempor\u00e1neos. Presentado por Andrew Copson, cada episodio presenta conversaciones profundas con figuras p\u00fablicas, pensadores, cient\u00edficos, artistas y activistas reconocidos que se identifican como humanistas.<\/p>\n\n\n\n<p>El podcast se inspira en los famosos ensayos de Bertrand Russell y E. M. Forster, quienes escribieron &quot;Lo que creo&quot; como una forma de articular su visi\u00f3n humanista del mundo. Siguiendo sus pasos, cada invitado comparte lo que lo motiva, le da sentido y gu\u00eda sus decisiones \u00e9ticas, sin depender de la religi\u00f3n ni de creencias sobrenaturales.<\/p>\n\n\n\n<p><strong>Entre los invitados notables se incluyen:<\/strong><\/p>\n\n\n\n<ul class=\"wp-block-list\">\n<li>Profesora Alice Roberts (cient\u00edfica y locutora)<\/li>\n\n\n\n<li>Tim Minchin (comediante y m\u00fasico)<\/li>\n\n\n\n<li>Jim Al-Khalili (f\u00edsico y locutor)<\/li>\n\n\n\n<li>Natalie Haynes (autora y locutora)<\/li>\n\n\n\n<li>Y muchas m\u00e1s voces inspiradoras.<\/li>\n<\/ul>\n\n\n\n<p>Con una mezcla de narraci\u00f3n personal y perspectiva filos\u00f3fica,&nbsp;<em>Lo que creo<\/em>&nbsp;Ofrece una mirada convincente al enfoque humanista de la vida, la \u00e9tica y el significado.<\/p>","protected":false},"excerpt":{"rendered":"<p>Hosted by:&nbsp;Andrew Copson (Chief Executive of Humanists UK) Produced by:&nbsp;Humanists UK Available on:&nbsp;Spotify, Apple Podcasts, Google Podcasts, and more Link:&nbsp;Listen on Spotify Summary: What I Believe&nbsp;is a thought-provoking podcast series by Humanists UK that explores the personal philosophies, values, and beliefs of contemporary humanists. Hosted by Andrew Copson, each episode features in-depth conversations with well-known [&hellip;]<\/p>","protected":false},"author":1,"featured_media":4317,"comment_status":"open","ping_status":"open","sticky":false,"template":"","format":"standard","meta":{"content-type":"","footnotes":""},"categories":[850],"tags":[],"class_list":{"0":"post-4316","1":"post","2":"type-post","3":"status-publish","4":"format-standard","5":"has-post-thumbnail","7":"category-podcasts"},"_links":{"self":[{"href":"https:\/\/theglobalhumanist.com\/es\/wp-json\/wp\/v2\/posts\/4316","targetHints":{"allow":["GET"]}}],"collection":[{"href":"https:\/\/theglobalhumanist.com\/es\/wp-json\/wp\/v2\/posts"}],"about":[{"href":"https:\/\/theglobalhumanist.com\/es\/wp-json\/wp\/v2\/types\/post"}],"author":[{"embeddable":true,"href":"https:\/\/theglobalhumanist.com\/es\/wp-json\/wp\/v2\/users\/1"}],"replies":[{"embeddable":true,"href":"https:\/\/theglobalhumanist.com\/es\/wp-json\/wp\/v2\/comments?post=4316"}],"version-history":[{"count":1,"href":"https:\/\/theglobalhumanist.com\/es\/wp-json\/wp\/v2\/posts\/4316\/revisions"}],"predecessor-version":[{"id":4318,"href":"https:\/\/theglobalhumanist.com\/es\/wp-json\/wp\/v2\/posts\/4316\/revisions\/4318"}],"wp:featuredmedia":[{"embeddable":true,"href":"https:\/\/theglobalhumanist.com\/es\/wp-json\/wp\/v2\/media\/4317"}],"wp:attachment":[{"href":"https:\/\/theglobalhumanist.com\/es\/wp-json\/wp\/v2\/media?parent=4316"}],"wp:term":[{"taxonomy":"category","embeddable":true,"href":"https:\/\/theglobalhumanist.com\/es\/wp-json\/wp\/v2\/categories?post=4316"},{"taxonomy":"post_tag","embeddable":true,"href":"https:\/\/theglobalhumanist.com\/es\/wp-json\/wp\/v2\/tags?post=4316"}],"curies":[{"name":"wp","href":"https:\/\/api.w.org\/{rel}","templated":true}]}}