{"id":4322,"date":"2025-04-08T03:50:23","date_gmt":"2025-04-08T03:50:23","guid":{"rendered":"https:\/\/theglobalhumanist.com\/?p=4322"},"modified":"2025-04-08T04:52:26","modified_gmt":"2025-04-08T04:52:26","slug":"the-voice-of-canadian-humanism-official-podcast-of-humanist-canada","status":"publish","type":"post","link":"https:\/\/theglobalhumanist.com\/es\/the-voice-of-canadian-humanism-official-podcast-of-humanist-canada\/","title":{"rendered":"La Voz del Humanismo Canadiense \u2013 Podcast Oficial del Canad\u00e1 Humanista"},"content":{"rendered":"<p><strong>Producido por:<\/strong>&nbsp;Canad\u00e1 humanista<\/p>\n\n\n\n<p><strong>Disponible en:<\/strong>&nbsp;Spotify<\/p>\n\n\n\n<p><strong>Enlace:<\/strong>&nbsp;<a href=\"https:\/\/open.spotify.com\/show\/6N5hl8on16CfaeYArrKyqZ\">Escuchar en Spotify<\/a><\/p>\n\n\n\n<p><strong>Resumen:<\/strong><\/p>\n\n\n\n<p><em>La voz del humanismo canadiense<\/em>&nbsp;Es el podcast oficial de Humanist Canada, dedicado a explorar y debatir temas relevantes para el humanismo en el contexto canadiense y m\u00e1s all\u00e1. Cada episodio presenta interesantes conversaciones con l\u00edderes de opini\u00f3n, activistas y acad\u00e9micos que comparten perspectivas sobre los valores humanistas, la \u00e9tica y su aplicaci\u00f3n en la sociedad contempor\u00e1nea.<\/p>\n\n\n\n<p>El podcast tiene como objetivo proporcionar a los oyentes una comprensi\u00f3n m\u00e1s profunda de los principios humanistas y c\u00f3mo se cruzan con diversos aspectos de la vida, la cultura y las pol\u00edticas en Canad\u00e1.<\/p>","protected":false},"excerpt":{"rendered":"<p>Produced by:&nbsp;Humanist Canada Available on:&nbsp;Spotify Link:&nbsp;Listen on Spotify Summary: The Voice of Canadian Humanism&nbsp;is the official podcast of Humanist Canada, dedicated to exploring and discussing topics pertinent to humanism within the Canadian context and beyond. Each episode features engaging conversations with thought leaders, activists, and scholars who share insights on humanist values, ethics, and their [&hellip;]<\/p>","protected":false},"author":1,"featured_media":4323,"comment_status":"open","ping_status":"open","sticky":false,"template":"","format":"standard","meta":{"content-type":"","footnotes":""},"categories":[850],"tags":[],"class_list":{"0":"post-4322","1":"post","2":"type-post","3":"status-publish","4":"format-standard","5":"has-post-thumbnail","7":"category-podcasts"},"_links":{"self":[{"href":"https:\/\/theglobalhumanist.com\/es\/wp-json\/wp\/v2\/posts\/4322","targetHints":{"allow":["GET"]}}],"collection":[{"href":"https:\/\/theglobalhumanist.com\/es\/wp-json\/wp\/v2\/posts"}],"about":[{"href":"https:\/\/theglobalhumanist.com\/es\/wp-json\/wp\/v2\/types\/post"}],"author":[{"embeddable":true,"href":"https:\/\/theglobalhumanist.com\/es\/wp-json\/wp\/v2\/users\/1"}],"replies":[{"embeddable":true,"href":"https:\/\/theglobalhumanist.com\/es\/wp-json\/wp\/v2\/comments?post=4322"}],"version-history":[{"count":1,"href":"https:\/\/theglobalhumanist.com\/es\/wp-json\/wp\/v2\/posts\/4322\/revisions"}],"predecessor-version":[{"id":4324,"href":"https:\/\/theglobalhumanist.com\/es\/wp-json\/wp\/v2\/posts\/4322\/revisions\/4324"}],"wp:featuredmedia":[{"embeddable":true,"href":"https:\/\/theglobalhumanist.com\/es\/wp-json\/wp\/v2\/media\/4323"}],"wp:attachment":[{"href":"https:\/\/theglobalhumanist.com\/es\/wp-json\/wp\/v2\/media?parent=4322"}],"wp:term":[{"taxonomy":"category","embeddable":true,"href":"https:\/\/theglobalhumanist.com\/es\/wp-json\/wp\/v2\/categories?post=4322"},{"taxonomy":"post_tag","embeddable":true,"href":"https:\/\/theglobalhumanist.com\/es\/wp-json\/wp\/v2\/tags?post=4322"}],"curies":[{"name":"wp","href":"https:\/\/api.w.org\/{rel}","templated":true}]}}